{"id":791,"date":"2023-10-27T09:44:16","date_gmt":"2023-10-27T09:44:16","guid":{"rendered":"http:\/\/radiomuunganobeni.net\/?p=791"},"modified":"2023-10-27T09:44:19","modified_gmt":"2023-10-27T09:44:19","slug":"jean-luc-melenchon-condamne-les-crimes-de-guerre-commis-par-le-rwanda","status":"publish","type":"post","link":"http:\/\/radiomuunganobeni.net\/?p=791","title":{"rendered":"Jean-Luc M\u00e9lenchon condamne les \u00ab crimes de guerre \u00bb commis par le Rwanda"},"content":{"rendered":"\n<p><strong>Le leader de La France insoumise (LFI), Jean-Luc M\u00e9lenchon, a \u00e9t\u00e9 re\u00e7u ce jeudi 26 octobre 2023 \u00e0 Kinshasa, par le pr\u00e9sident de la R\u00e9publique d\u00e9mocratique du Congo (RDC), F\u00e9lix Tshisekedi. Les \u00e9changes ont port\u00e9 notamment sur la situation s\u00e9curitaire dans l\u2019est du territoire congolais o\u00f9 l\u2019arm\u00e9e rwandaise op\u00e9rant aux c\u00f4t\u00e9s des rebelles du M23 occupent quelques localit\u00e9s.<\/strong><\/p>\n\n\n\n<p>Au cours de cet entretien auquel ont particip\u00e9 Martens Bilongo, Nad\u00e8ge Abomangoli et Arnaud Le Grall, tous d\u00e9put\u00e9s de LFI \u00e0 l\u2019Assembl\u00e9e nationale fran\u00e7aise, l\u2019opposant fran\u00e7ais a condamn\u00e9 les \u00ab crimes de guerre \u00bb commis en RDC, notamment par des groupes arm\u00e9s soutenus par le Rwanda.\u00ab Avec le pr\u00e9sident du premier pays francophone du monde. Son voisin rwandais cherche \u00e0 d\u00e9stabiliser le processus \u00e9lectoral qui va commencer. Fraternit\u00e9, condamnation des ing\u00e9rences et crimes de guerre, retour au cessez-le-feu ! \u00bb, a-t-il dit.<\/p>\n\n\n\n<p>Dans l\u2019Est de la RDC, l\u2019ONU craint une confrontation directe entre les Forces arm\u00e9es congolaises et l\u2019arm\u00e9e rwandaise, alors que quelques villages congolais sont contr\u00f4l\u00e9s par les \u00e9l\u00e9ments des RDF, commettant ce que Kinshasa qualifie de \u00abcrime de guerre\u00bb et de \u00abcrime contre l\u2019humanit\u00e9\u00bb. En juillet dernier, le groupe parlementaire de La France Insoumise avait propos\u00e9 \u00e0 l\u2019Assembl\u00e9e nationale fran\u00e7aise une r\u00e9solution condamnant le soutien du Rwanda au Mouvement rebelle M23.\u00ab Nous proposons aujourd\u2019hui une r\u00e9solution qui vise \u00e0 condamner le soutien de la R\u00e9publique du Rwanda au groupe rebelle du M23\u2026 A travers cette r\u00e9solution, nous souhaitons condamner sans r\u00e9serve l\u2019instrumentalisation par le Rwanda de ce groupe arm\u00e9 qui se livre, dans la r\u00e9gion de l\u2019Est de la RDC, \u00e0 des comportements inhumains, des exactions inqualifiables, dans ce qui,\u2019 est \u00e0 l\u2019origine, un conflit bas\u00e9 sur des manipulations des clivages ethniques, mais s\u2019inscrit de plus en plus dans une d\u00e9marche de pr\u00e9dation des ressources, notamment mini\u00e8res au b\u00e9n\u00e9fice des pays \u00e9trangers \u00bb, avait d\u00e9clar\u00e9 devant la presse Martens Bilongo.Des interventions de l\u2019arm\u00e9e rwandaise en RDC sont document\u00e9es notamment par les Nations unies. Le groupe d\u2019experts onusiens ont, dans leur rapport, \u00ab \u00e9tabli de fa\u00e7on certaine la participation de l\u2019arm\u00e9e rwandaise \u00e0 des attaques sur les militaires congolais, des preuves de la pr\u00e9sence des soldats rwandais sur le territoire congolais ou encore des preuves des arrestations des soldats rwandais en RDC \u00bb, avait-il d\u00e9nonc\u00e9.Arnaud Le Grall avait, quant \u00e0 lui, indiqu\u00e9 que \u00ab la n\u00e9cessaire r\u00e9conciliation de la France avec le Rwanda ne doit pas se faire sur le dos du peuple congolais \u00bb.L\u2019\u00e9lu du Val-d\u2019Oise avait aussi soulign\u00e9 que cette r\u00e9conciliation cherch\u00e9e par Emmanuel Macron \u00ab ne doit pas impliquer le silence sur les actions actuelles du soutien du r\u00e9gime rwandais \u00e0 un mouvement arm\u00e9 comme le M23, qui s\u00e8me la terreur dans une bonne partie de l\u2019Est de la RDC \u00bb.<\/p>\n\n\n\n<p><strong>Jacques KIKUNI<\/strong><\/p>\n","protected":false},"excerpt":{"rendered":"<p>Le leader de La France insoumise (LFI), Jean-Luc M\u00e9lenchon, a \u00e9t\u00e9 re\u00e7u ce jeudi 26 octobre 2023 \u00e0 Kinshasa, par le pr\u00e9sident de la R\u00e9publique d\u00e9mocratique du Congo (RDC), F\u00e9lix Tshisekedi. Les \u00e9changes ont port\u00e9 notamment sur la situation s\u00e9curitaire dans l\u2019est du territoire congolais o\u00f9 l\u2019arm\u00e9e rwandaise op\u00e9rant aux c\u00f4t\u00e9s des rebelles du M23 occupent quelques localit\u00e9s. Au cours de cet entretien auquel ont particip\u00e9 Martens Bilongo, Nad\u00e8ge Abomangoli&#8230;<\/p>\n","protected":false},"author":6,"featured_media":0,"comment_status":"open","ping_status":"open","sticky":false,"template":"","format":"standard","meta":{"footnotes":""},"categories":[1],"tags":[],"class_list":["post-791","post","type-post","status-publish","format-standard","hentry","category-uncategorized"],"yoast_head":"<!-- This site is optimized with the Yoast SEO plugin v18.4.1 - https:\/\/yoast.com\/wordpress\/plugins\/seo\/ -->\n<title>Jean-Luc M\u00e9lenchon condamne les \u00ab crimes de guerre \u00bb commis par le Rwanda - Radio Television Muungano-Beni,95.10MHZ<\/title>\n<meta name=\"robots\" content=\"index, follow, max-snippet:-1, max-image-preview:large, max-video-preview:-1\" \/>\n<link rel=\"canonical\" href=\"http:\/\/radiomuunganobeni.net\/?p=791\" \/>\n<meta property=\"og:locale\" content=\"fr_FR\" \/>\n<meta property=\"og:type\" content=\"article\" \/>\n<meta property=\"og:title\" content=\"Jean-Luc M\u00e9lenchon condamne les \u00ab crimes de guerre \u00bb commis par le Rwanda - Radio Television Muungano-Beni,95.10MHZ\" \/>\n<meta property=\"og:description\" content=\"Le leader de La France insoumise (LFI), Jean-Luc M\u00e9lenchon, a \u00e9t\u00e9 re\u00e7u ce jeudi 26 octobre 2023 \u00e0 Kinshasa, par le pr\u00e9sident de la R\u00e9publique d\u00e9mocratique du Congo (RDC), F\u00e9lix Tshisekedi. Les \u00e9changes ont port\u00e9 notamment sur la situation s\u00e9curitaire dans l\u2019est du territoire congolais o\u00f9 l\u2019arm\u00e9e rwandaise op\u00e9rant aux c\u00f4t\u00e9s des rebelles du M23 occupent quelques localit\u00e9s. Au cours de cet entretien auquel ont particip\u00e9 Martens Bilongo, Nad\u00e8ge Abomangoli...\" \/>\n<meta property=\"og:url\" content=\"http:\/\/radiomuunganobeni.net\/?p=791\" \/>\n<meta property=\"og:site_name\" content=\"Radio Television Muungano-Beni,95.10MHZ\" \/>\n<meta property=\"article:published_time\" content=\"2023-10-27T09:44:16+00:00\" \/>\n<meta property=\"article:modified_time\" content=\"2023-10-27T09:44:19+00:00\" \/>\n<meta name=\"twitter:card\" content=\"summary_large_image\" \/>\n<meta name=\"twitter:label1\" content=\"\u00c9crit par\" \/>\n\t<meta name=\"twitter:data1\" content=\"Jaque kikuni\" \/>\n\t<meta name=\"twitter:label2\" content=\"Dur\u00e9e de lecture estim\u00e9e\" \/>\n\t<meta name=\"twitter:data2\" content=\"3 minutes\" \/>\n<script type=\"application\/ld+json\" class=\"yoast-schema-graph\">{\"@context\":\"https:\/\/schema.org\",\"@graph\":[{\"@type\":\"WebSite\",\"@id\":\"http:\/\/radiomuunganobeni.net\/#website\",\"url\":\"http:\/\/radiomuunganobeni.net\/\",\"name\":\"Radio Television Muungano-Beni,95.10MHZ\",\"description\":\"\",\"potentialAction\":[{\"@type\":\"SearchAction\",\"target\":{\"@type\":\"EntryPoint\",\"urlTemplate\":\"http:\/\/radiomuunganobeni.net\/?s={search_term_string}\"},\"query-input\":\"required name=search_term_string\"}],\"inLanguage\":\"fr-FR\"},{\"@type\":\"WebPage\",\"@id\":\"http:\/\/radiomuunganobeni.net\/?p=791#webpage\",\"url\":\"http:\/\/radiomuunganobeni.net\/?p=791\",\"name\":\"Jean-Luc M\u00e9lenchon condamne les \u00ab crimes de guerre \u00bb commis par le Rwanda - Radio Television Muungano-Beni,95.10MHZ\",\"isPartOf\":{\"@id\":\"http:\/\/radiomuunganobeni.net\/#website\"},\"datePublished\":\"2023-10-27T09:44:16+00:00\",\"dateModified\":\"2023-10-27T09:44:19+00:00\",\"author\":{\"@id\":\"http:\/\/radiomuunganobeni.net\/#\/schema\/person\/2120f3f4ab41e3e7cc51a049904af626\"},\"breadcrumb\":{\"@id\":\"http:\/\/radiomuunganobeni.net\/?p=791#breadcrumb\"},\"inLanguage\":\"fr-FR\",\"potentialAction\":[{\"@type\":\"ReadAction\",\"target\":[\"http:\/\/radiomuunganobeni.net\/?p=791\"]}]},{\"@type\":\"BreadcrumbList\",\"@id\":\"http:\/\/radiomuunganobeni.net\/?p=791#breadcrumb\",\"itemListElement\":[{\"@type\":\"ListItem\",\"position\":1,\"name\":\"Accueil\",\"item\":\"http:\/\/radiomuunganobeni.net\/\"},{\"@type\":\"ListItem\",\"position\":2,\"name\":\"Jean-Luc M\u00e9lenchon condamne les \u00ab crimes de guerre \u00bb commis par le Rwanda\"}]},{\"@type\":\"Person\",\"@id\":\"http:\/\/radiomuunganobeni.net\/#\/schema\/person\/2120f3f4ab41e3e7cc51a049904af626\",\"name\":\"Jaque kikuni\",\"image\":{\"@type\":\"ImageObject\",\"@id\":\"http:\/\/radiomuunganobeni.net\/#personlogo\",\"inLanguage\":\"fr-FR\",\"url\":\"http:\/\/0.gravatar.com\/avatar\/c4e3a0960e0ce72fbf3de56d08d39896?s=96&d=mm&r=g\",\"contentUrl\":\"http:\/\/0.gravatar.com\/avatar\/c4e3a0960e0ce72fbf3de56d08d39896?s=96&d=mm&r=g\",\"caption\":\"Jaque kikuni\"},\"url\":\"http:\/\/radiomuunganobeni.net\/?author=6\"}]}<\/script>\n<!-- \/ Yoast SEO plugin. -->","yoast_head_json":{"title":"Jean-Luc M\u00e9lenchon condamne les \u00ab crimes de guerre \u00bb commis par le Rwanda - Radio Television Muungano-Beni,95.10MHZ","robots":{"index":"index","follow":"follow","max-snippet":"max-snippet:-1","max-image-preview":"max-image-preview:large","max-video-preview":"max-video-preview:-1"},"canonical":"http:\/\/radiomuunganobeni.net\/?p=791","og_locale":"fr_FR","og_type":"article","og_title":"Jean-Luc M\u00e9lenchon condamne les \u00ab crimes de guerre \u00bb commis par le Rwanda - Radio Television Muungano-Beni,95.10MHZ","og_description":"Le leader de La France insoumise (LFI), Jean-Luc M\u00e9lenchon, a \u00e9t\u00e9 re\u00e7u ce jeudi 26 octobre 2023 \u00e0 Kinshasa, par le pr\u00e9sident de la R\u00e9publique d\u00e9mocratique du Congo (RDC), F\u00e9lix Tshisekedi. Les \u00e9changes ont port\u00e9 notamment sur la situation s\u00e9curitaire dans l\u2019est du territoire congolais o\u00f9 l\u2019arm\u00e9e rwandaise op\u00e9rant aux c\u00f4t\u00e9s des rebelles du M23 occupent quelques localit\u00e9s. Au cours de cet entretien auquel ont particip\u00e9 Martens Bilongo, Nad\u00e8ge Abomangoli...","og_url":"http:\/\/radiomuunganobeni.net\/?p=791","og_site_name":"Radio Television Muungano-Beni,95.10MHZ","article_published_time":"2023-10-27T09:44:16+00:00","article_modified_time":"2023-10-27T09:44:19+00:00","twitter_card":"summary_large_image","twitter_misc":{"\u00c9crit par":"Jaque kikuni","Dur\u00e9e de lecture estim\u00e9e":"3 minutes"},"schema":{"@context":"https:\/\/schema.org","@graph":[{"@type":"WebSite","@id":"http:\/\/radiomuunganobeni.net\/#website","url":"http:\/\/radiomuunganobeni.net\/","name":"Radio Television Muungano-Beni,95.10MHZ","description":"","potentialAction":[{"@type":"SearchAction","target":{"@type":"EntryPoint","urlTemplate":"http:\/\/radiomuunganobeni.net\/?s={search_term_string}"},"query-input":"required name=search_term_string"}],"inLanguage":"fr-FR"},{"@type":"WebPage","@id":"http:\/\/radiomuunganobeni.net\/?p=791#webpage","url":"http:\/\/radiomuunganobeni.net\/?p=791","name":"Jean-Luc M\u00e9lenchon condamne les \u00ab crimes de guerre \u00bb commis par le Rwanda - Radio Television Muungano-Beni,95.10MHZ","isPartOf":{"@id":"http:\/\/radiomuunganobeni.net\/#website"},"datePublished":"2023-10-27T09:44:16+00:00","dateModified":"2023-10-27T09:44:19+00:00","author":{"@id":"http:\/\/radiomuunganobeni.net\/#\/schema\/person\/2120f3f4ab41e3e7cc51a049904af626"},"breadcrumb":{"@id":"http:\/\/radiomuunganobeni.net\/?p=791#breadcrumb"},"inLanguage":"fr-FR","potentialAction":[{"@type":"ReadAction","target":["http:\/\/radiomuunganobeni.net\/?p=791"]}]},{"@type":"BreadcrumbList","@id":"http:\/\/radiomuunganobeni.net\/?p=791#breadcrumb","itemListElement":[{"@type":"ListItem","position":1,"name":"Accueil","item":"http:\/\/radiomuunganobeni.net\/"},{"@type":"ListItem","position":2,"name":"Jean-Luc M\u00e9lenchon condamne les \u00ab crimes de guerre \u00bb commis par le Rwanda"}]},{"@type":"Person","@id":"http:\/\/radiomuunganobeni.net\/#\/schema\/person\/2120f3f4ab41e3e7cc51a049904af626","name":"Jaque kikuni","image":{"@type":"ImageObject","@id":"http:\/\/radiomuunganobeni.net\/#personlogo","inLanguage":"fr-FR","url":"http:\/\/0.gravatar.com\/avatar\/c4e3a0960e0ce72fbf3de56d08d39896?s=96&d=mm&r=g","contentUrl":"http:\/\/0.gravatar.com\/avatar\/c4e3a0960e0ce72fbf3de56d08d39896?s=96&d=mm&r=g","caption":"Jaque kikuni"},"url":"http:\/\/radiomuunganobeni.net\/?author=6"}]}},"jetpack_featured_media_url":"","_links":{"self":[{"href":"http:\/\/radiomuunganobeni.net\/index.php?rest_route=\/wp\/v2\/posts\/791"}],"collection":[{"href":"http:\/\/radiomuunganobeni.net\/index.php?rest_route=\/wp\/v2\/posts"}],"about":[{"href":"http:\/\/radiomuunganobeni.net\/index.php?rest_route=\/wp\/v2\/types\/post"}],"author":[{"embeddable":true,"href":"http:\/\/radiomuunganobeni.net\/index.php?rest_route=\/wp\/v2\/users\/6"}],"replies":[{"embeddable":true,"href":"http:\/\/radiomuunganobeni.net\/index.php?rest_route=%2Fwp%2Fv2%2Fcomments&post=791"}],"version-history":[{"count":1,"href":"http:\/\/radiomuunganobeni.net\/index.php?rest_route=\/wp\/v2\/posts\/791\/revisions"}],"predecessor-version":[{"id":792,"href":"http:\/\/radiomuunganobeni.net\/index.php?rest_route=\/wp\/v2\/posts\/791\/revisions\/792"}],"wp:attachment":[{"href":"http:\/\/radiomuunganobeni.net\/index.php?rest_route=%2Fwp%2Fv2%2Fmedia&parent=791"}],"wp:term":[{"taxonomy":"category","embeddable":true,"href":"http:\/\/radiomuunganobeni.net\/index.php?rest_route=%2Fwp%2Fv2%2Fcategories&post=791"},{"taxonomy":"post_tag","embeddable":true,"href":"http:\/\/radiomuunganobeni.net\/index.php?rest_route=%2Fwp%2Fv2%2Ftags&post=791"}],"curies":[{"name":"wp","href":"https:\/\/api.w.org\/{rel}","templated":true}]}}